{"id":1579,"date":"2018-06-11T08:03:32","date_gmt":"2018-06-11T06:03:32","guid":{"rendered":"http:\/\/atelier-terredesienne.fr\/?p=1579"},"modified":"2018-06-11T08:03:32","modified_gmt":"2018-06-11T06:03:32","slug":"exposition-des-eleves-juin-2018","status":"publish","type":"post","link":"https:\/\/atelier-terredesienne.fr\/index.php\/2018\/06\/11\/exposition-des-eleves-juin-2018\/","title":{"rendered":"Exposition des \u00e9l\u00e8ves Juin 2018"},"content":{"rendered":"<p>Les Artistes P&rsquo;tits Bouts, enfants, ados et adultes vous invitent \u00e0 venir d\u00e9couvrir leurs \u0153uvres \u00e0 la galerie de l&rsquo;atelier.<br \/>\n<span style=\"color: #000000;\"><strong>Vernissage ouvert \u00e0 tous le jeudi 14 juin \u00e0 18h00.<\/strong><\/span><\/p>\n<p><img loading=\"lazy\" decoding=\"async\" class=\"aligncenter wp-image-1580 size-large\" src=\"https:\/\/atelier-terredesienne.fr\/wp-content\/uploads\/2018\/06\/expo-des-\u00e9l\u00e8ves-2018-copie-724x1024.jpg\" alt=\"\" width=\"525\" height=\"743\" srcset=\"https:\/\/atelier-terredesienne.fr\/wp-content\/uploads\/2018\/06\/expo-des-\u00e9l\u00e8ves-2018-copie-724x1024.jpg 724w, https:\/\/atelier-terredesienne.fr\/wp-content\/uploads\/2018\/06\/expo-des-\u00e9l\u00e8ves-2018-copie-212x300.jpg 212w, https:\/\/atelier-terredesienne.fr\/wp-content\/uploads\/2018\/06\/expo-des-\u00e9l\u00e8ves-2018-copie-768x1086.jpg 768w\" sizes=\"(max-width: 525px) 100vw, 525px\" \/><\/p>\n","protected":false},"excerpt":{"rendered":"<p>Les Artistes P&rsquo;tits Bouts, enfants, ados et adultes vous invitent \u00e0 venir d\u00e9couvrir leurs \u0153uvres \u00e0 la galerie de l&rsquo;atelier. Vernissage ouvert \u00e0 tous le jeudi 14 juin \u00e0 18h00.<\/p>\n","protected":false},"author":1,"featured_media":0,"comment_status":"closed","ping_status":"open","sticky":false,"template":"","format":"standard","meta":{"_monsterinsights_skip_tracking":false,"_monsterinsights_sitenote_active":false,"_monsterinsights_sitenote_note":"","_monsterinsights_sitenote_category":0,"footnotes":""},"categories":[7],"tags":[],"class_list":["post-1579","post","type-post","status-publish","format-standard","hentry","category-actus"],"aioseo_notices":[],"_links":{"self":[{"href":"https:\/\/atelier-terredesienne.fr\/index.php\/wp-json\/wp\/v2\/posts\/1579"}],"collection":[{"href":"https:\/\/atelier-terredesienne.fr\/index.php\/wp-json\/wp\/v2\/posts"}],"about":[{"href":"https:\/\/atelier-terredesienne.fr\/index.php\/wp-json\/wp\/v2\/types\/post"}],"author":[{"embeddable":true,"href":"https:\/\/atelier-terredesienne.fr\/index.php\/wp-json\/wp\/v2\/users\/1"}],"replies":[{"embeddable":true,"href":"https:\/\/atelier-terredesienne.fr\/index.php\/wp-json\/wp\/v2\/comments?post=1579"}],"version-history":[{"count":1,"href":"https:\/\/atelier-terredesienne.fr\/index.php\/wp-json\/wp\/v2\/posts\/1579\/revisions"}],"predecessor-version":[{"id":1581,"href":"https:\/\/atelier-terredesienne.fr\/index.php\/wp-json\/wp\/v2\/posts\/1579\/revisions\/1581"}],"wp:attachment":[{"href":"https:\/\/atelier-terredesienne.fr\/index.php\/wp-json\/wp\/v2\/media?parent=1579"}],"wp:term":[{"taxonomy":"category","embeddable":true,"href":"https:\/\/atelier-terredesienne.fr\/index.php\/wp-json\/wp\/v2\/categories?post=1579"},{"taxonomy":"post_tag","embeddable":true,"href":"https:\/\/atelier-terredesienne.fr\/index.php\/wp-json\/wp\/v2\/tags?post=1579"}],"curies":[{"name":"wp","href":"https:\/\/api.w.org\/{rel}","templated":true}]}}