{"id":2904,"date":"2022-06-30T20:56:17","date_gmt":"2022-06-30T18:56:17","guid":{"rendered":"http:\/\/atelier-terredesienne.fr\/?p=2904"},"modified":"2024-09-02T15:45:08","modified_gmt":"2024-09-02T13:45:08","slug":"exposition-mediatheque-rene-char-issoire","status":"publish","type":"post","link":"https:\/\/atelier-terredesienne.fr\/index.php\/2022\/06\/30\/exposition-mediatheque-rene-char-issoire\/","title":{"rendered":"Exposition M\u00e9diath\u00e8que Ren\u00e9 Char &#8211; Issoire &#8211;"},"content":{"rendered":"<p><img loading=\"lazy\" decoding=\"async\" class=\"aligncenter wp-image-2905 size-large\" src=\"https:\/\/atelier-terredesienne.fr\/wp-content\/uploads\/2022\/06\/Affiche-Agn\u00e8s-Deshors-724x1024.png\" alt=\"\" width=\"525\" height=\"743\" srcset=\"https:\/\/atelier-terredesienne.fr\/wp-content\/uploads\/2022\/06\/Affiche-Agn\u00e8s-Deshors-724x1024.png 724w, https:\/\/atelier-terredesienne.fr\/wp-content\/uploads\/2022\/06\/Affiche-Agn\u00e8s-Deshors-212x300.png 212w, https:\/\/atelier-terredesienne.fr\/wp-content\/uploads\/2022\/06\/Affiche-Agn\u00e8s-Deshors-768x1086.png 768w, https:\/\/atelier-terredesienne.fr\/wp-content\/uploads\/2022\/06\/Affiche-Agn\u00e8s-Deshors-1086x1536.png 1086w, https:\/\/atelier-terredesienne.fr\/wp-content\/uploads\/2022\/06\/Affiche-Agn\u00e8s-Deshors-1448x2048.png 1448w, https:\/\/atelier-terredesienne.fr\/wp-content\/uploads\/2022\/06\/Affiche-Agn\u00e8s-Deshors.png 1754w\" sizes=\"(max-width: 525px) 100vw, 525px\" \/><\/p>\n","protected":false},"excerpt":{"rendered":"","protected":false},"author":1,"featured_media":2905,"comment_status":"closed","ping_status":"open","sticky":false,"template":"","format":"standard","meta":{"_monsterinsights_skip_tracking":false,"_monsterinsights_sitenote_active":false,"_monsterinsights_sitenote_note":"","_monsterinsights_sitenote_category":0,"footnotes":""},"categories":[2,7],"tags":[],"class_list":["post-2904","post","type-post","status-publish","format-standard","has-post-thumbnail","hentry","category-actualites","category-actus"],"aioseo_notices":[],"_links":{"self":[{"href":"https:\/\/atelier-terredesienne.fr\/index.php\/wp-json\/wp\/v2\/posts\/2904"}],"collection":[{"href":"https:\/\/atelier-terredesienne.fr\/index.php\/wp-json\/wp\/v2\/posts"}],"about":[{"href":"https:\/\/atelier-terredesienne.fr\/index.php\/wp-json\/wp\/v2\/types\/post"}],"author":[{"embeddable":true,"href":"https:\/\/atelier-terredesienne.fr\/index.php\/wp-json\/wp\/v2\/users\/1"}],"replies":[{"embeddable":true,"href":"https:\/\/atelier-terredesienne.fr\/index.php\/wp-json\/wp\/v2\/comments?post=2904"}],"version-history":[{"count":2,"href":"https:\/\/atelier-terredesienne.fr\/index.php\/wp-json\/wp\/v2\/posts\/2904\/revisions"}],"predecessor-version":[{"id":3692,"href":"https:\/\/atelier-terredesienne.fr\/index.php\/wp-json\/wp\/v2\/posts\/2904\/revisions\/3692"}],"wp:featuredmedia":[{"embeddable":true,"href":"https:\/\/atelier-terredesienne.fr\/index.php\/wp-json\/wp\/v2\/media\/2905"}],"wp:attachment":[{"href":"https:\/\/atelier-terredesienne.fr\/index.php\/wp-json\/wp\/v2\/media?parent=2904"}],"wp:term":[{"taxonomy":"category","embeddable":true,"href":"https:\/\/atelier-terredesienne.fr\/index.php\/wp-json\/wp\/v2\/categories?post=2904"},{"taxonomy":"post_tag","embeddable":true,"href":"https:\/\/atelier-terredesienne.fr\/index.php\/wp-json\/wp\/v2\/tags?post=2904"}],"curies":[{"name":"wp","href":"https:\/\/api.w.org\/{rel}","templated":true}]}}