{"id":4160,"date":"2025-03-26T08:18:16","date_gmt":"2025-03-26T07:18:16","guid":{"rendered":"https:\/\/atelier-terredesienne.fr\/?p=4160"},"modified":"2025-04-16T16:18:46","modified_gmt":"2025-04-16T14:18:46","slug":"portes-ouvertes","status":"publish","type":"post","link":"https:\/\/atelier-terredesienne.fr\/index.php\/2025\/03\/26\/portes-ouvertes\/","title":{"rendered":"Portes ouvertes !"},"content":{"rendered":"\n<p><strong>ATELIER TERRE DE SIENNE \u2013 Agn\u00e8s Deshors \u00e0 Auteyrac<\/strong>, commune de Vissac-Auteyrac 43300<\/p>\n\n\n\n<p>L&rsquo;atelier, sp\u00e9cialis\u00e9 dans les techniques de peinture naturelle, pr\u00e9sentera ses \u0153uvres originales, ses stages artistiques et sa nouvelle offre de d\u00e9cors \u00e9v\u00e9nementiels et d\u2019int\u00e9rieur.<\/p>\n\n\n\n<p><strong>Un voyage au c\u0153ur des techniques ancestrales<\/strong><\/p>\n\n\n\n<p>L\u2019atelier Terre de sienne se distingue par sa passion pour les techniques de peinture naturelle. Les visiteurs pourront d\u00e9couvrir les secrets de ces m\u00e9thodes traditionnelles \u00e0 base de chaux, de cas\u00e9ine, de colle peau de lapin ou encore de peinture encaustique\u2026<br>Des d\u00e9monstrations seront propos\u00e9es pour initier et sensibiliser le public \u00e0 ces techniques respectueuses de l&rsquo;environnement.<\/p>\n\n\n\n<p><strong>D\u00e9couvrez l&rsquo;univers d&rsquo;Agn\u00e8s Deshors <\/strong><strong><br><\/strong>Lors de ces portes ouvertes, Agn\u00e8s Deshors, g\u00e9rante de l\u2019atelier, vous invite \u00e0 explorer ses s\u00e9ries de peintures originales, fruit d&rsquo;une alchimie entre techniques ancestrales et exploration contemporaine. La mati\u00e8re, travaill\u00e9e avec passion devient le vecteur d&rsquo;\u00e9motions pour retranscrire des fragments d&rsquo;histoire. Chaque \u0153uvre est un voyage, une rencontre entre savoir-faire et intuition.<strong><\/strong><\/p>\n\n\n\n<p><strong>Des d\u00e9cors \u00e9v\u00e9nementiels et de d\u00e9coration int\u00e9rieure uniques<\/strong><\/p>\n\n\n\n<p>L&rsquo;atelier d\u00e9voile sa nouvelle offre : la cr\u00e9ation de d\u00e9cors \u00e9v\u00e9nementiels et de d\u00e9coration int\u00e9rieure. Ces r\u00e9alisations uniques, ex\u00e9cut\u00e9es exclusivement avec des techniques de peinture naturelle telles que l&rsquo;enduit gras \u00e0 l&rsquo;\u0153uf et les m\u00e9langes chaux-pl\u00e2tre, offrent des trompe-l&rsquo;\u0153il po\u00e9tiques. La cr\u00e9atrice les nomme avec justesse : \u00ab\u00a0d\u00e9cors \u00e0 remonter le temps\u00a0\u00bb&nbsp;!<\/p>\n\n\n\n<p><strong><u>Informations pratiques<\/u><\/strong><strong> :<\/strong><\/p>\n\n\n\n<ul class=\"wp-block-list\">\n<li><strong>Samedi 17 et Dimanche 18 mai 2025<\/strong><\/li>\n\n\n\n<li>De 10h30 \u00e0 19h<\/li>\n\n\n\n<li>Auteyrac \u2013 Place Sorlhac \u2013 43300 VISSAC-AUTEYRAC<\/li>\n\n\n\n<li><strong><em><u>Programme samedi<\/u><\/em><\/strong><strong>\u00a0:<\/strong>\n<ul class=\"wp-block-list\">\n<li>Tout au long de la journ\u00e9e\u00a0: Visite en entr\u00e9e libre et d\u00e9couverte des diff\u00e9rentes expositions. Rencontre avec l\u2019artiste<\/li>\n\n\n\n<li>Visite comment\u00e9e \u00e0 11h, 15h et 18h<\/li>\n\n\n\n<li>D\u00e9monstrations des techniques de peinture naturelle \u00e0 16h<\/li>\n<\/ul>\n<\/li>\n\n\n\n<li><strong><em><u>Programme dimanche<\/u><\/em><\/strong><strong>\u00a0:<\/strong>\n<ul class=\"wp-block-list\">\n<li>Tout au long de la journ\u00e9e\u00a0: Visite en entr\u00e9e libre et d\u00e9couverte des diff\u00e9rentes expositions. Rencontre avec l\u2019artiste<\/li>\n\n\n\n<li>Visite comment\u00e9e \u00e0 11h et 16h<\/li>\n\n\n\n<li>D\u00e9monstrations des techniques de peinture naturelle \u00e0 14h30<\/li>\n<\/ul>\n<\/li>\n<\/ul>\n\n\n\n<p><strong><em>\u00c0 propos d\u2019Atelier :<\/em><\/strong><\/p>\n\n\n\n<p>Fond\u00e9 en 2017 par l&rsquo;artiste peintre Agn\u00e8s Deshors, Terre de Sienne est un atelier d&rsquo;art d\u00e9di\u00e9 \u00e0 la red\u00e9couverte et \u00e0 la pratique des techniques de peinture naturelle ancestrales. Apr\u00e8s sept ann\u00e9es d&rsquo;activit\u00e9 \u00e0 Langeac, l&rsquo;artiste a choisi de recentrer son travail dans son atelier personnel afin de se consacrer pleinement \u00e0 la cr\u00e9ation et \u00e0 l&rsquo;approfondissement de ses connaissances.<\/p>\n\n\n\n<p>Passionn\u00e9e par le travail de la mati\u00e8re, Agn\u00e8s Deshors s&rsquo;est engag\u00e9e dans un parcours de formation aupr\u00e8s de ma\u00eetres reconnus, tels que\u00a0: Gestes formation pour les imitations de mati\u00e8res oxyd\u00e9es, l&rsquo;\u00c9cole Fran\u00e7aise de d\u00e9cor et Solene Delahousse pour la fresque a fresco, Sophie Van Moffaert pour la peinture encaustique et r\u00e9cemment Elise Orrier pour les techniques de fabrication et d\u2019application des peintures naturelles et \u00e9cologiques.<br><\/p>\n\n\n\n<ul class=\"wp-block-list\">\n<li><em><u>Contact<\/u><\/em>\u00a0: Agn\u00e8s Deshors 06.26.46.70.81 \/ agnes.deshors@orange.fr<\/li>\n\n\n\n<li><em><u>Site web<\/u><\/em> : <a href=\"http:\/\/www.atelier\">www.atelier<\/a>-terredesienne.fr \u00a0<\/li>\n<\/ul>\n\n\n\n<figure class=\"wp-block-gallery has-nested-images columns-default is-cropped wp-block-gallery-1 is-layout-flex wp-block-gallery-is-layout-flex\">\n<figure class=\"wp-block-image size-full\"><img loading=\"lazy\" decoding=\"async\" width=\"724\" height=\"1024\" data-id=\"4192\" src=\"https:\/\/atelier-terredesienne.fr\/wp-content\/uploads\/2025\/03\/affiche-portes-ouvertes-2-1.jpg\" alt=\"\" class=\"wp-image-4192\" srcset=\"https:\/\/atelier-terredesienne.fr\/wp-content\/uploads\/2025\/03\/affiche-portes-ouvertes-2-1.jpg 724w, https:\/\/atelier-terredesienne.fr\/wp-content\/uploads\/2025\/03\/affiche-portes-ouvertes-2-1-212x300.jpg 212w\" sizes=\"(max-width: 724px) 100vw, 724px\" \/><\/figure>\n<\/figure>\n","protected":false},"excerpt":{"rendered":"<p>ATELIER TERRE DE SIENNE \u2013 Agn\u00e8s Deshors \u00e0 Auteyrac, commune de Vissac-Auteyrac 43300 L&rsquo;atelier, sp\u00e9cialis\u00e9 dans les techniques de peinture naturelle, pr\u00e9sentera ses \u0153uvres originales, ses stages artistiques et sa nouvelle offre de d\u00e9cors \u00e9v\u00e9nementiels et d\u2019int\u00e9rieur. Un voyage au c\u0153ur des techniques ancestrales L\u2019atelier Terre de sienne se distingue par sa passion pour les &hellip; <\/p>\n","protected":false},"author":1,"featured_media":4192,"comment_status":"closed","ping_status":"open","sticky":false,"template":"","format":"standard","meta":{"_monsterinsights_skip_tracking":false,"_monsterinsights_sitenote_active":false,"_monsterinsights_sitenote_note":"","_monsterinsights_sitenote_category":0,"footnotes":""},"categories":[7],"tags":[],"class_list":["post-4160","post","type-post","status-publish","format-standard","has-post-thumbnail","hentry","category-actus"],"aioseo_notices":[],"_links":{"self":[{"href":"https:\/\/atelier-terredesienne.fr\/index.php\/wp-json\/wp\/v2\/posts\/4160"}],"collection":[{"href":"https:\/\/atelier-terredesienne.fr\/index.php\/wp-json\/wp\/v2\/posts"}],"about":[{"href":"https:\/\/atelier-terredesienne.fr\/index.php\/wp-json\/wp\/v2\/types\/post"}],"author":[{"embeddable":true,"href":"https:\/\/atelier-terredesienne.fr\/index.php\/wp-json\/wp\/v2\/users\/1"}],"replies":[{"embeddable":true,"href":"https:\/\/atelier-terredesienne.fr\/index.php\/wp-json\/wp\/v2\/comments?post=4160"}],"version-history":[{"count":5,"href":"https:\/\/atelier-terredesienne.fr\/index.php\/wp-json\/wp\/v2\/posts\/4160\/revisions"}],"predecessor-version":[{"id":4197,"href":"https:\/\/atelier-terredesienne.fr\/index.php\/wp-json\/wp\/v2\/posts\/4160\/revisions\/4197"}],"wp:featuredmedia":[{"embeddable":true,"href":"https:\/\/atelier-terredesienne.fr\/index.php\/wp-json\/wp\/v2\/media\/4192"}],"wp:attachment":[{"href":"https:\/\/atelier-terredesienne.fr\/index.php\/wp-json\/wp\/v2\/media?parent=4160"}],"wp:term":[{"taxonomy":"category","embeddable":true,"href":"https:\/\/atelier-terredesienne.fr\/index.php\/wp-json\/wp\/v2\/categories?post=4160"},{"taxonomy":"post_tag","embeddable":true,"href":"https:\/\/atelier-terredesienne.fr\/index.php\/wp-json\/wp\/v2\/tags?post=4160"}],"curies":[{"name":"wp","href":"https:\/\/api.w.org\/{rel}","templated":true}]}}