{"id":932,"date":"2017-11-03T18:44:24","date_gmt":"2017-11-03T17:44:24","guid":{"rendered":"http:\/\/atelier-terredesienne.fr\/?p=932"},"modified":"2017-11-04T17:09:14","modified_gmt":"2017-11-04T16:09:14","slug":"stage-zentagle","status":"publish","type":"post","link":"https:\/\/atelier-terredesienne.fr\/index.php\/2017\/11\/03\/stage-zentagle\/","title":{"rendered":"Stage Zentagle"},"content":{"rendered":"<p><img loading=\"lazy\" decoding=\"async\" class=\"wp-image-934 size-full aligncenter\" style=\"font-size: 1rem;\" src=\"https:\/\/atelier-terredesienne.fr\/wp-content\/uploads\/2017\/10\/Stage-dessin-Terre-de-Sienne-Langeac-43-2.jpg\" alt=\"\" width=\"798\" height=\"243\" srcset=\"https:\/\/atelier-terredesienne.fr\/wp-content\/uploads\/2017\/10\/Stage-dessin-Terre-de-Sienne-Langeac-43-2.jpg 798w, https:\/\/atelier-terredesienne.fr\/wp-content\/uploads\/2017\/10\/Stage-dessin-Terre-de-Sienne-Langeac-43-2-300x91.jpg 300w, https:\/\/atelier-terredesienne.fr\/wp-content\/uploads\/2017\/10\/Stage-dessin-Terre-de-Sienne-Langeac-43-2-768x234.jpg 768w\" sizes=\"(max-width: 798px) 100vw, 798px\" \/><\/p>\n<p>De jeunes artistes fiers de leurs cr\u00e9ations !<\/p>\n<p>[ngg_images source=\u00a0\u00bbgalleries\u00a0\u00bb container_ids=\u00a0\u00bb11&Prime; exclusions=\u00a0\u00bb110,111,112,113,115,117,118,119,114,120,121,122,123&Prime; display_type=\u00a0\u00bbphotocrati-nextgen_basic_thumbnails\u00a0\u00bb override_thumbnail_settings=\u00a0\u00bb0&Prime; thumbnail_width=\u00a0\u00bb240&Prime; thumbnail_height=\u00a0\u00bb160&Prime; thumbnail_crop=\u00a0\u00bb1&Prime; images_per_page=\u00a0\u00bb20&Prime; number_of_columns=\u00a0\u00bb0&Prime; ajax_pagination=\u00a0\u00bb0&Prime; show_all_in_lightbox=\u00a0\u00bb0&Prime; use_imagebrowser_effect=\u00a0\u00bb0&Prime; show_slideshow_link=\u00a0\u00bb0&Prime; slideshow_link_text=\u00a0\u00bb[Montrer sous forme de diaporama]\u00a0\u00bb order_by=\u00a0\u00bbsortorder\u00a0\u00bb order_direction=\u00a0\u00bbASC\u00a0\u00bb returns=\u00a0\u00bbincluded\u00a0\u00bb maximum_entity_count=\u00a0\u00bb500&Prime;]<\/p>\n<p style=\"text-align: justify;\">Lib\u00e9rer son imagination, prendre soin de son trait, se concentrer et&#8230;s&rsquo;\u00e9merveiller devant le r\u00e9sultat final ! Chacun \u00e0 son rythme dans une ambiance tant\u00f4t chaleureuse, tant\u00f4t taquine, tant\u00f4t studieuse mais toujours bienveillante !&nbsp;<\/p>\n<p><img loading=\"lazy\" decoding=\"async\" class=\"alignnone size-medium wp-image-984\" src=\"https:\/\/atelier-terredesienne.fr\/wp-content\/uploads\/2017\/10\/Stage-dessin-Terre-de-Sienne-Langeac-43-10-1-300x180.jpeg\" alt=\"\" width=\"300\" height=\"180\" srcset=\"https:\/\/atelier-terredesienne.fr\/wp-content\/uploads\/2017\/10\/Stage-dessin-Terre-de-Sienne-Langeac-43-10-1-300x180.jpeg 300w, https:\/\/atelier-terredesienne.fr\/wp-content\/uploads\/2017\/10\/Stage-dessin-Terre-de-Sienne-Langeac-43-10-1-768x461.jpeg 768w, https:\/\/atelier-terredesienne.fr\/wp-content\/uploads\/2017\/10\/Stage-dessin-Terre-de-Sienne-Langeac-43-10-1.jpeg 800w\" sizes=\"(max-width: 300px) 100vw, 300px\" \/><\/p>\n<p>La pause gourmande bien m\u00e9rit\u00e9e ! Ce jour, brioche, chocolat et jus de fruit.<\/p>\n<p>[ngg_images source=\u00a0\u00bbgalleries\u00a0\u00bb container_ids=\u00a0\u00bb11&Prime; exclusions=\u00a0\u00bb105,106,107,108,109,110,111,112,113,114,120,121,122,123&Prime; sortorder=\u00a0\u00bb105,106,107,108,109,110,111,112,113,114,115,116,119,117,118&Prime; display_type=\u00a0\u00bbphotocrati-nextgen_basic_thumbnails\u00a0\u00bb override_thumbnail_settings=\u00a0\u00bb0&Prime; thumbnail_width=\u00a0\u00bb240&Prime; thumbnail_height=\u00a0\u00bb160&Prime; thumbnail_crop=\u00a0\u00bb1&Prime; images_per_page=\u00a0\u00bb20&Prime; number_of_columns=\u00a0\u00bb0&Prime; ajax_pagination=\u00a0\u00bb0&Prime; show_all_in_lightbox=\u00a0\u00bb0&Prime; use_imagebrowser_effect=\u00a0\u00bb0&Prime; show_slideshow_link=\u00a0\u00bb0&Prime; slideshow_link_text=\u00a0\u00bb[Montrer sous forme de diaporama]\u00a0\u00bb order_by=\u00a0\u00bbsortorder\u00a0\u00bb order_direction=\u00a0\u00bbASC\u00a0\u00bb returns=\u00a0\u00bbincluded\u00a0\u00bb maximum_entity_count=\u00a0\u00bb500&Prime;]<\/p>\n<p>&nbsp;<\/p>\n<p style=\"text-align: justify;\">Les premiers motifs sont toujours les plus durs \u00e0 arriv\u00e9s : manque de confiance, peur du trait \u00ab\u00a0loup\u00e9\u00a0\u00bb, appr\u00e9hension de ne pas y arriver et puis apr\u00e8s quelques conseils chacun r\u00e9ussit \u00e0 se laisser guider par son inspiration, son imagination, sa r\u00eaverie.&nbsp;<\/p>\n<p>[ngg_images source=\u00a0\u00bbgalleries\u00a0\u00bb container_ids=\u00a0\u00bb11&Prime; exclusions=\u00a0\u00bb105,106,107,108,109,110,111,112,113,114,115,116,117,118,119&Prime; display_type=\u00a0\u00bbphotocrati-nextgen_basic_thumbnails\u00a0\u00bb override_thumbnail_settings=\u00a0\u00bb0&Prime; thumbnail_width=\u00a0\u00bb240&Prime; thumbnail_height=\u00a0\u00bb160&Prime; thumbnail_crop=\u00a0\u00bb1&Prime; images_per_page=\u00a0\u00bb20&Prime; number_of_columns=\u00a0\u00bb0&Prime; ajax_pagination=\u00a0\u00bb0&Prime; show_all_in_lightbox=\u00a0\u00bb0&Prime; use_imagebrowser_effect=\u00a0\u00bb0&Prime; show_slideshow_link=\u00a0\u00bb0&Prime; slideshow_link_text=\u00a0\u00bb[Montrer sous forme de diaporama]\u00a0\u00bb order_by=\u00a0\u00bbsortorder\u00a0\u00bb order_direction=\u00a0\u00bbASC\u00a0\u00bb returns=\u00a0\u00bbincluded\u00a0\u00bb maximum_entity_count=\u00a0\u00bb500&Prime;]<\/p>\n<p style=\"text-align: justify;\">Cr\u00e9ation de carnet en format traditionnel 9X9. Plusieurs consignes : une composition abstraite, un travail de motif autour d&rsquo;un dessin en prenant en compte les volumes, cr\u00e9ation de fond color\u00e9 \u00e0 l&rsquo;encre et travail du trait \u00e0 la plume !<\/p>\n","protected":false},"excerpt":{"rendered":"<p>De jeunes artistes fiers de leurs cr\u00e9ations ! [ngg_images source=\u00a0\u00bbgalleries\u00a0\u00bb container_ids=\u00a0\u00bb11&Prime; exclusions=\u00a0\u00bb110,111,112,113,115,117,118,119,114,120,121,122,123&Prime; display_type=\u00a0\u00bbphotocrati-nextgen_basic_thumbnails\u00a0\u00bb override_thumbnail_settings=\u00a0\u00bb0&Prime; thumbnail_width=\u00a0\u00bb240&Prime; thumbnail_height=\u00a0\u00bb160&Prime; thumbnail_crop=\u00a0\u00bb1&Prime; images_per_page=\u00a0\u00bb20&Prime; number_of_columns=\u00a0\u00bb0&Prime; ajax_pagination=\u00a0\u00bb0&Prime; show_all_in_lightbox=\u00a0\u00bb0&Prime; use_imagebrowser_effect=\u00a0\u00bb0&Prime; show_slideshow_link=\u00a0\u00bb0&Prime; slideshow_link_text=\u00a0\u00bb[Montrer sous forme de diaporama]\u00a0\u00bb order_by=\u00a0\u00bbsortorder\u00a0\u00bb order_direction=\u00a0\u00bbASC\u00a0\u00bb returns=\u00a0\u00bbincluded\u00a0\u00bb maximum_entity_count=\u00a0\u00bb500&Prime;] Lib\u00e9rer son imagination, prendre soin de son trait, se concentrer et&#8230;s&rsquo;\u00e9merveiller devant le r\u00e9sultat final ! Chacun \u00e0 son rythme dans une ambiance &hellip; <\/p>\n","protected":false},"author":1,"featured_media":0,"comment_status":"closed","ping_status":"open","sticky":false,"template":"","format":"standard","meta":{"_monsterinsights_skip_tracking":false,"_monsterinsights_sitenote_active":false,"_monsterinsights_sitenote_note":"","_monsterinsights_sitenote_category":0,"footnotes":""},"categories":[3],"tags":[],"class_list":["post-932","post","type-post","status-publish","format-standard","hentry","category-stage"],"aioseo_notices":[],"_links":{"self":[{"href":"https:\/\/atelier-terredesienne.fr\/index.php\/wp-json\/wp\/v2\/posts\/932"}],"collection":[{"href":"https:\/\/atelier-terredesienne.fr\/index.php\/wp-json\/wp\/v2\/posts"}],"about":[{"href":"https:\/\/atelier-terredesienne.fr\/index.php\/wp-json\/wp\/v2\/types\/post"}],"author":[{"embeddable":true,"href":"https:\/\/atelier-terredesienne.fr\/index.php\/wp-json\/wp\/v2\/users\/1"}],"replies":[{"embeddable":true,"href":"https:\/\/atelier-terredesienne.fr\/index.php\/wp-json\/wp\/v2\/comments?post=932"}],"version-history":[{"count":15,"href":"https:\/\/atelier-terredesienne.fr\/index.php\/wp-json\/wp\/v2\/posts\/932\/revisions"}],"predecessor-version":[{"id":1007,"href":"https:\/\/atelier-terredesienne.fr\/index.php\/wp-json\/wp\/v2\/posts\/932\/revisions\/1007"}],"wp:attachment":[{"href":"https:\/\/atelier-terredesienne.fr\/index.php\/wp-json\/wp\/v2\/media?parent=932"}],"wp:term":[{"taxonomy":"category","embeddable":true,"href":"https:\/\/atelier-terredesienne.fr\/index.php\/wp-json\/wp\/v2\/categories?post=932"},{"taxonomy":"post_tag","embeddable":true,"href":"https:\/\/atelier-terredesienne.fr\/index.php\/wp-json\/wp\/v2\/tags?post=932"}],"curies":[{"name":"wp","href":"https:\/\/api.w.org\/{rel}","templated":true}]}}